{"id":1136,"date":"2026-01-28T13:59:00","date_gmt":"2026-01-28T13:59:00","guid":{"rendered":"https:\/\/nysnoinvest.no\/?p=1136"},"modified":"2026-03-25T18:47:12","modified_gmt":"2026-03-25T18:47:12","slug":"klimaklok-fyller-1-ar","status":"publish","type":"post","link":"https:\/\/nysnoinvest.no\/no\/klimaklok-fyller-1-ar\/","title":{"rendered":"Klimaklok fyller 1 \u00e5r"},"content":{"rendered":"\n\n<section class=\"global-px global-article-container post-header\">\n    <h4>28. januar 2026<\/h4>\n<\/section>\n\n\n<h1 class=\"wp-block-post-title\">Klimaklok fyller 1 \u00e5r<\/h1>\n\n\n<figure class=\"wp-block-image size-large\"><img loading=\"lazy\" decoding=\"async\" width=\"1024\" height=\"683\" src=\"https:\/\/nysnoinvest.no\/wp-content\/uploads\/2026\/02\/2W9A1132-1-1024x683.jpg\" alt=\"\" class=\"wp-image-1138\" srcset=\"https:\/\/nysnoinvest.no\/wp-content\/uploads\/2026\/02\/2W9A1132-1-1024x683.jpg 1024w, https:\/\/nysnoinvest.no\/wp-content\/uploads\/2026\/02\/2W9A1132-1-300x200.jpg 300w, https:\/\/nysnoinvest.no\/wp-content\/uploads\/2026\/02\/2W9A1132-1-768x512.jpg 768w, https:\/\/nysnoinvest.no\/wp-content\/uploads\/2026\/02\/2W9A1132-1-1536x1025.jpg 1536w, https:\/\/nysnoinvest.no\/wp-content\/uploads\/2026\/02\/2W9A1132-1.jpg 1868w\" sizes=\"auto, (max-width: 1024px) 100vw, 1024px\" \/><\/figure>\n\n\n\n<p class=\"is-style-intro\"><em>For ett \u00e5r siden lanserte Nysn\u00f8 Klimainvesteringer, sammen med Maritime CleanTech, podkasten Klimaklok. Ambisjonen var \u00e5 spre kunnskap om klimateknologi og skape en arena for dialog og refleksjon, med et m\u00e5l om \u00e5 gj\u00f8re oss alle litt klokere p\u00e5 veien mot en b\u00e6rekraftig fremtid. N\u00e5, 26 episoder og flere tusen lyttere senere, kan vi se tilbake p\u00e5 et \u00e5r med engasjerende samtaler og nye perspektiver<\/em>.<\/p>\n\n\n\n<h2 class=\"wp-block-heading\"><br><strong>En plattform for kunnskap og dialog<\/strong><\/h2>\n\n\n\n<p>Klimaklok ble lansert i en tid preget av \u00f8kende geopolitisk uro, der globale klimaavtaler utfordres, og det internasjonale samarbeidet vi er avhengige av for \u00e5 redusere utslipp st\u00e5r under press. Behovet for kunnskap, samarbeid og omstilling har sjelden v\u00e6rt st\u00f8rre.<br>Gjennom samtaler med eksperter og ledende akt\u00f8rer retter Klimaklok s\u00f8kelyset p\u00e5 b\u00e5de utfordringer og muligheter i klimaomstillingen, med teknologiens avgj\u00f8rende rolle som et gjennomg\u00e5ende tema.<\/p>\n\n\n\n<blockquote class=\"wp-block-quote is-layout-flow wp-block-quote-is-layout-flow\">\n<p><em>Med Klimaklok \u00f8nsker vi \u00e5 gi innsikt i hvordan klimateknologi kan skape l\u00f8sninger som b\u00e5de er b\u00e6rekraftige og l\u00f8nnsomme. Vi h\u00e5per podkasten kan inspirere flere til \u00e5 ta del i denne viktige omstillingen<\/em>.<\/p>\n<cite>&#8211; Reber Iversen, prosjektleder i Maritime CleanTech.<\/cite><\/blockquote>\n\n\n\n<p><br>Responsen har v\u00e6rt overveldende: debutsesongen til Klimaklok var mer popul\u00e6r enn 93 prosent av andre nye podkaster, og programmet har v\u00e6rt blant de mest delte podkastene i 2025. Podkasten har ogs\u00e5 v\u00e6rt blant topp 100 i Norge.<\/p>\n\n\n\n<h2 class=\"wp-block-heading\"><br><strong>Fra f\u00f8rste episode \u2013 til fast tradisjon<\/strong><\/h2>\n\n\n\n<p>Da Klimaklok ble lansert for ett \u00e5r siden, var det klima- og milj\u00f8minister&nbsp;<strong>Andreas Bjelland Eriksen<\/strong>&nbsp;som stilte som gjest i aller f\u00f8rste episode. Ett \u00e5r senere er han ogs\u00e5 med i jubileumsepisoden. Som ministeren selv uttrykker det:&nbsp;<em>Dette blir en fast, \u00e5rlig tradisjon \u00e5 oppsummere \u00abKlimaklok-\u00e5ret\u00bb.<\/em><\/p>\n\n\n\n<blockquote class=\"wp-block-quote is-layout-flow wp-block-quote-is-layout-flow\">\n<p><em>Det er fullt av muligheter innen klimateknologi, og vi st\u00e5r midt i en tid hvor innovasjon kan l\u00f8se store utfordringer. Men for \u00e5 f\u00e5 det til, m\u00e5 teknologi og kapital m\u00f8tes, og her spiller Klimaklok en viktig rolle<\/em>, sier Ingvild Meland, direkt\u00f8r for strategi og myndighetskontakt i Nysn\u00f8 Klimainvesteringer.<\/p>\n<\/blockquote>\n\n\n\n<h2 class=\"wp-block-heading\"><br><strong>Om Klimaklok<\/strong><\/h2>\n\n\n\n<p>Klimaklok er et samarbeid mellom&nbsp;<a href=\"https:\/\/maritimecleantech.no\/\">Maritime CleanTech<\/a>, et verdensledende innovasjonsnettverk for klimateknologi i maritim sektor, og Nysn\u00f8 Klimainvesteringer, statens investeringsselskap for klimateknologi. Podkasten har som m\u00e5l \u00e5 spre kunnskap og innsikt, og skape en arena for dialog om hvordan teknologi kan akselerere overgangen til en b\u00e6rekraftig fremtid.<br>Podkasten er tilgjengelig p\u00e5 Spotify og Apple Music, og nye episoder publiseres jevnlig.<br>H\u00f8r Klimaklok her:<br><a href=\"https:\/\/open.spotify.com\/episode\/05wpIViorAts1lt6MEe9Ew?si=nXnV4CrERqSdMV1FP1KFyQ\">https:\/\/open.spotify.com\/episode\/05wpIViorAts1lt6MEe9Ew?si=nXnV4CrERqSdMV1FP1KFyQ<\/a><br><a href=\"https:\/\/podcasts.apple.com\/us\/podcast\/klimaklok\/id1792195630\">https:\/\/podcasts.apple.com\/us\/podcast\/klimaklok\/id1792195630<\/a><br>&nbsp;<br><\/p>\n\n\n\n<h2 class=\"wp-block-heading\"><strong>Liste over gjestene og episodeoverskriftene fra Klimaklok:<\/strong><\/h2>\n\n\n\n<p><strong>Andreas Bjelland Eriksen<\/strong>&nbsp;\u2013&nbsp;<a href=\"https:\/\/www.regjeringen.no\/no\/dep\/kld\/id668\/\">Klima og milj\u00f8minister<\/a>:&nbsp;<em>bursdagsepisode Klimaklok 1 \u00e5r<\/em><br><strong>Maria Bos<\/strong>&nbsp;\u2013 CEO i&nbsp;<a href=\"https:\/\/plugport.no\/\">Plug<\/a>:&nbsp;<em>om \u00e5 levere kraft til maritim sektor<\/em><br><strong>\u00d8ivind Amundsen<\/strong>&nbsp;\u2013 CEO i&nbsp;<a href=\"https:\/\/www.euronext.com\/nb\/markets\/oslo\">Euronext Oslo B\u00f8rs<\/a>:&nbsp;<em>kapitalmarkedets rolle<\/em><br><strong>Gro J\u00e6re<\/strong>&nbsp;\u2013 Sjef for&nbsp;<a href=\"https:\/\/www.fma.no\/\">Forsvarsmateriell<\/a>:&nbsp;<em>klimateknologi i marine fart\u00f8y<\/em><br><strong>Fredrik Witte<\/strong>&nbsp;\u2013 CEO i&nbsp;<a href=\"https:\/\/corvusenergy.com\/\">Corvus Energy<\/a>:&nbsp;<em>maritime batterier<\/em><br><strong>Erna Solberg<\/strong>&nbsp;\u2013 Partileder i&nbsp;<a href=\"https:\/\/hoyre.no\/\">H\u00f8yre<\/a>&nbsp;og tidligere statsminister:&nbsp;<em>klimaomstilling<\/em><br><strong>Geir Bj\u00f8rkeli<\/strong>&nbsp;\u2013 CEO i&nbsp;<a href=\"https:\/\/nereida.no\/\">Nereida Energy<\/a>:&nbsp;<em>maritim batterirevolusjon<\/em><br><strong>Reber Iversen og Ingvild Meland<\/strong>&nbsp;\u2013&nbsp;<em>hvordan Trump p\u00e5virket global karbonpris<\/em><br><strong>Andr\u00e9 Risholm<\/strong>&nbsp;\u2013 CEO i&nbsp;<a href=\"https:\/\/www.amonmaritime.com\/\">Amon Maritime<\/a>:&nbsp;<em>ammoniakkteknologi<\/em><br><strong>Anita Krohn<\/strong>&nbsp;&amp;&nbsp;<strong>Siri Kalvig<\/strong>&nbsp;\u2013 CEO i&nbsp;<a href=\"https:\/\/www.dsd.no\/\">DSD<\/a>&nbsp;og CEO i&nbsp;<a href=\"http:\/\/nysnoinvest.no\/\">Nysn\u00f8<\/a>:&nbsp;<em>gr\u00f8nne investeringer<\/em><br><strong>Alexander Fuglesang<\/strong>&nbsp;\u2013 CEO i&nbsp;<a href=\"https:\/\/www.flocean.green\/\">Flocean<\/a>:&nbsp;<em>subsea-teknologi<\/em><br><strong>Egil Mollestad<\/strong>&nbsp;\u2013 CEO i&nbsp;<a href=\"https:\/\/zem.no\/\">Zero Emission Maritime<\/a>:&nbsp;<em>maritime batterier<\/em><br><strong>Ivan \u00d8stvik<\/strong>&nbsp;\u2013 Managing Director i&nbsp;<a href=\"https:\/\/www.linkedin.com\/company\/lh2-shipping\/about\/\">LH2 Shipping<\/a>:&nbsp;<em>flytende hydrogen<\/em><br><strong>Sveinung Soma<\/strong>&nbsp;\u2013 CEO i&nbsp;<a href=\"https:\/\/www.remota.no\/\">Remota<\/a>:&nbsp;<em>ubemannede offshore-fart\u00f8y<\/em><br><strong>Andreas Enger<\/strong>&nbsp;\u2013 CEO i&nbsp;<a href=\"https:\/\/www.hoeghautoliners.com\/\">H\u00f6egh Autoliners<\/a>:&nbsp;<em>avkarbonisering<\/em><br><strong>Benedicte Staalesen<\/strong>&nbsp;\u2013 Kommunikasjonsdirekt\u00f8r i&nbsp;<a href=\"https:\/\/norlights.com\/\">Northern Lights<\/a>:&nbsp;<em>karbonfangst &amp; lagring<\/em>&nbsp;(CCS)<br><strong>Heikki Eidsvoll Holm\u00e5s<\/strong>&nbsp;\u2013 Direkt\u00f8r for strategi og energi i&nbsp;<a href=\"https:\/\/www.soprasteria.no\/\">Sopra Steria<\/a>&nbsp;og tidligere utviklingsminister:&nbsp;<em>norsk klimapolitikk<\/em><br><strong>Karl Liapunov<\/strong>&nbsp;\u2013 Head of Energy i&nbsp;<a href=\"https:\/\/www.startuplab.no\/\">Startuplab<\/a>: norske&nbsp;<em>cleantech startups<\/em><br><strong>Kaj Portin &amp; Sverre Horgen<\/strong>&nbsp;\u2013&nbsp;<em>live fra Energy House Day: offshore ammoniakkmotor<\/em><br><strong>Tom Even Mortensen \u2013<\/strong>&nbsp;Partner i&nbsp;<a href=\"https:\/\/www.sandwater.com\/\">Sandwater<\/a>:&nbsp;<em>gr\u00f8nn venturekapital<\/em><br><strong>Edgeir Aksnes \u2013<\/strong>&nbsp;CEO i&nbsp;<a href=\"https:\/\/tibber.com\/no\">Tibber<\/a>:&nbsp;<em>str\u00f8m og klima<\/em><br><strong>Jonas Helmikst\u00f8l \u2013<\/strong>&nbsp;Gr\u00fcnder:&nbsp;<a href=\"https:\/\/www.starflow.com\/\"><em>Starflow<\/em><\/a><br><strong>Per Lund \u2013<\/strong>&nbsp;CEO i&nbsp;<a href=\"https:\/\/odfjelloceanwind.com\/\">Odfjell Oceanwind<\/a>:&nbsp;<em>flytende havvind<\/em><br><strong>Christian Berg \u2013<\/strong>&nbsp;CEO i&nbsp;<a href=\"https:\/\/amogy.co\/\">Amogy Norge<\/a>:&nbsp;<em>Ammoniakk som utslippsfritt drivstoff<\/em><br><strong>Siri Kalvig<\/strong>&nbsp;\u2013 CEO i&nbsp;<a href=\"https:\/\/www.nysnoinvest.no\/\">Nysn\u00f8<\/a>:&nbsp;<em>finansiering av klimateknologi<\/em><br><strong>Andreas Bjelland Eriksen<\/strong>&nbsp;\u2013&nbsp;<a href=\"https:\/\/www.regjeringen.no\/no\/dep\/kld\/id668\/\">Klima og milj\u00f8minister<\/a>:&nbsp;<em>om norsk klimaomstilling<\/em><br>&nbsp;<\/p>\n","protected":false},"excerpt":{"rendered":"<p>For ett \u00e5r siden lanserte Nysn\u00f8 Klimainvesteringer, sammen med Maritime CleanTech, podkasten Klimaklok. Ambisjonen var \u00e5 spre kunnskap om klimateknologi og skape en arena for dialog og refleksjon, med et m\u00e5l om \u00e5 gj\u00f8re oss alle litt klokere p\u00e5 veien mot en b\u00e6rekraftig fremtid.<\/p>\n","protected":false},"author":2,"featured_media":1137,"comment_status":"open","ping_status":"closed","sticky":false,"template":"","format":"standard","meta":{"_acf_changed":false,"wds_primary_category":0,"footnotes":""},"categories":[2],"tags":[],"class_list":["post-1136","post","type-post","status-publish","format-standard","has-post-thumbnail","hentry","category-uncategorized-no"],"acf":[],"_links":{"self":[{"href":"https:\/\/nysnoinvest.no\/no\/wp-json\/wp\/v2\/posts\/1136","targetHints":{"allow":["GET"]}}],"collection":[{"href":"https:\/\/nysnoinvest.no\/no\/wp-json\/wp\/v2\/posts"}],"about":[{"href":"https:\/\/nysnoinvest.no\/no\/wp-json\/wp\/v2\/types\/post"}],"author":[{"embeddable":true,"href":"https:\/\/nysnoinvest.no\/no\/wp-json\/wp\/v2\/users\/2"}],"replies":[{"embeddable":true,"href":"https:\/\/nysnoinvest.no\/no\/wp-json\/wp\/v2\/comments?post=1136"}],"version-history":[{"count":0,"href":"https:\/\/nysnoinvest.no\/no\/wp-json\/wp\/v2\/posts\/1136\/revisions"}],"wp:featuredmedia":[{"embeddable":true,"href":"https:\/\/nysnoinvest.no\/no\/wp-json\/wp\/v2\/media\/1137"}],"wp:attachment":[{"href":"https:\/\/nysnoinvest.no\/no\/wp-json\/wp\/v2\/media?parent=1136"}],"wp:term":[{"taxonomy":"category","embeddable":true,"href":"https:\/\/nysnoinvest.no\/no\/wp-json\/wp\/v2\/categories?post=1136"},{"taxonomy":"post_tag","embeddable":true,"href":"https:\/\/nysnoinvest.no\/no\/wp-json\/wp\/v2\/tags?post=1136"}],"curies":[{"name":"wp","href":"https:\/\/api.w.org\/{rel}","templated":true}]}}